{"id":852,"date":"2026-08-20T07:39:03","date_gmt":"2026-08-20T07:39:03","guid":{"rendered":"https:\/\/www.informenti.it\/inf\/?p=852"},"modified":"2026-08-20T07:49:21","modified_gmt":"2026-08-20T07:49:21","slug":"feel-the-vibes","status":"publish","type":"post","link":"https:\/\/www.informenti.it\/inf\/potenziamento-cognitivo\/feel-the-vibes\/","title":{"rendered":"\u00c8 uscito &#8220;Feel the Vibes&#8221; e per me \u00e8 molto pi\u00f9 di un libro"},"content":{"rendered":"\n<div class=\"wp-block-media-text has-media-on-the-right is-stacked-on-mobile\"><div class=\"wp-block-media-text__content\">\n<p class=\"wp-block-paragraph\">Ci sono voluti mesi per scrivere queste pagine, ma la verit\u00e0 \u00e8 che <em>Feel the Vibes<\/em> nasce da molto prima. Nasce da anni passati a lavorare con ragazze e ragazzi, a met\u00e0 tra l&#8217;informatica e la psicologia, cercando di capire non solo <em>cosa<\/em> insegnare loro sulla tecnologia, ma <em>come<\/em> farlo in un modo che rispettasse davvero le loro teste, tutte diverse tra loro.<\/p>\n\n\n\n<p class=\"wp-block-paragraph\">Oggi posso finalmente condividerlo con voi: <strong>Feel the Vibes: Pensare, creare e programmare con l&#8217;Intelligenza Artificiale<\/strong> \u00e8 disponibile su Amazon.<\/p>\n\n\n\n<h4 class=\"wp-block-heading\">Perch\u00e9 ho scritto questo libro<\/h4>\n\n\n\n<p class=\"wp-block-paragraph\">Negli ultimi tempi ho visto tantissimi miei ragazz* usare l&#8217;intelligenza artificiale tutti i giorni \u2014 per i compiti, per curiosit\u00e0, per gioco \u2014 ma quasi sempre senza una vera guida. La spegnevano, il cervello, invece di accenderlo. E quando ho iniziato a proporre loro un approccio diverso, pi\u00f9 consapevole, basato prima sul pensiero e solo dopo sullo strumento, ho visto qualcosa cambiare. Ho visto ragazzi che si bloccavano davanti a un problema iniziare a scomporlo. Ho visto chi si affidava ciecamente alle risposte dell&#8217;IA iniziare a metterle in discussione, a correggerle, a farle proprie. Ho visto, semplicemente, funzionare.<\/p>\n\n\n\n<p class=\"wp-block-paragraph\">Quei risultati, visti coi miei occhi, in aula e non solo, sono il motivo per cui questo libro esiste. Non \u00e8 teoria. \u00c8 quello che ho sperimentato con loro, riportato su carta.<\/p>\n<\/div><figure class=\"wp-block-media-text__media\"><img loading=\"lazy\" decoding=\"async\" width=\"413\" height=\"408\" src=\"https:\/\/www.informenti.it\/inf\/wp-content\/uploads\/2026\/08\/copertina.jpg\" alt=\"Feel the Vibes\" class=\"wp-image-853 size-full\" srcset=\"https:\/\/www.informenti.it\/inf\/wp-content\/uploads\/2026\/08\/copertina.jpg 413w, https:\/\/www.informenti.it\/inf\/wp-content\/uploads\/2026\/08\/copertina-300x296.jpg 300w\" sizes=\"auto, (max-width: 413px) 100vw, 413px\" \/><\/figure><\/div>\n\n\n\n<h4 class=\"wp-block-heading\">Cosa troverete dentro<\/h4>\n\n\n\n<p class=\"wp-block-paragraph\">Il libro accompagna ragazze e ragazzi tra i 10 e i 16 anni in un percorso che parte dal pensiero computazionale, prosegue con un dialogo consapevole con strumenti come ChatGPT, Gemini e Claude, e arriva \u2014 passo dopo passo \u2014 alla costruzione di un vero videogioco funzionante. Non un manuale di &#8220;codice perfetto&#8221;: una guida per scomporre problemi, valutare con occhio critico ci\u00f2 che l&#8217;IA propone, correggere errori come farebbe un vero sviluppatore.<\/p>\n\n\n\n<p class=\"wp-block-paragraph\">Una parte a cui tengo particolarmente sono i percorsi dedicati a chi ha <strong>DSA<\/strong> e a chi ha <strong>Alto Potenziale Cognitivo (APC)<\/strong>: strategie pensate su misura, perch\u00e9 ogni mente impara in modo diverso, e un libro che lo ignora non sta davvero insegnando a nessuno.<\/p>\n\n\n\n<div class=\"wp-block-media-text is-stacked-on-mobile\" style=\"grid-template-columns:24% auto\"><figure class=\"wp-block-media-text__media\"><img loading=\"lazy\" decoding=\"async\" width=\"683\" height=\"1024\" src=\"https:\/\/www.informenti.it\/inf\/wp-content\/uploads\/2026\/08\/immagine.10d-683x1024.jpg\" alt=\"\" class=\"wp-image-854 size-full\" srcset=\"https:\/\/www.informenti.it\/inf\/wp-content\/uploads\/2026\/08\/immagine.10d-683x1024.jpg 683w, https:\/\/www.informenti.it\/inf\/wp-content\/uploads\/2026\/08\/immagine.10d-200x300.jpg 200w, https:\/\/www.informenti.it\/inf\/wp-content\/uploads\/2026\/08\/immagine.10d-768x1152.jpg 768w, https:\/\/www.informenti.it\/inf\/wp-content\/uploads\/2026\/08\/immagine.10d.jpg 1024w\" sizes=\"auto, (max-width: 683px) 100vw, 683px\" \/><\/figure><div class=\"wp-block-media-text__content\">\n<h4 class=\"wp-block-heading\">Il finale<\/h4>\n\n\n\n<p class=\"wp-block-paragraph\">Non voglio anticipare troppo, ma l&#8217;ultimo capitolo \u00e8 quello a cui sono pi\u00f9 affezionato. Per ventuno capitoli il libro costruisce il suo ritmo, la sua cadenza  e poi, alla fine, la rompo deliberatamente. Non volevo un &#8220;<strong>arrivederci<\/strong>&#8221; rassicurante e uguale a tutti gli altri. Volevo che restasse addosso qualcosa in pi\u00f9.<\/p>\n\n\n\n<h4 class=\"wp-block-heading\">Un&#8217;ultima cosa<\/h4>\n\n\n\n<p class=\"wp-block-paragraph\">Questo libro non \u00e8 pensato per essere lasciato in mano a un ragazzo da solo. \u00c8 pensato per essere letto insieme a un adulto: genitore, insegnante o educatore, perch\u00e9 imparare a pensare bene, oggi pi\u00f9 che mai, si fa in compagnia. \u00c8 lo stesso spirito con cui ho lavorato con i miei ragazz* in questi anni, e volevo che restasse anche qui, tra le pagine.<\/p>\n\n\n\n<p class=\"wp-block-paragraph\">Se anche solo un genitore o un* insegnante trover\u00e0 in questo libro uno strumento in pi\u00f9 per accompagnare un ragazzo o una ragazza nel rapporto con l&#8217;IA, allora avr\u00e0 fatto esattamente quello per cui l&#8217;ho scritto.<\/p>\n<\/div><\/div>\n\n\n\n<p class=\"wp-block-paragraph\"><em>Un&#8217;ultima nota, personale: ho scelto di firmarmi con lo pseudonimo <strong>Nick K. Waldo<\/strong>. Non \u00e8 solo un nome in copertina \u2014 \u00e8 un piccolo modo per ringraziare chi mi sta accanto ogni giorno, chi ha reso possibile tutto questo con pazienza e presenza, anche quando ero chiuso in casa a scrivere invece che a passare tempo insieme.<\/em><\/p>\n\n\n\n<p class=\"wp-block-paragraph\">\ud83d\udcd6 <strong>Feel the Vibes: Pensare, creare e programmare con l&#8217;Intelligenza Artificiale<\/strong><br>100 pagine, italiano \u2014 <a href=\"https:\/\/www.amazon.it\/dp\/B0HFRJPBGP\/\" target=\"_blank\" rel=\"noopener\">disponibile su Amazon<\/a><\/p>\n\n\n\n<p class=\"wp-block-paragraph\">Per approndire qui trovate un&#8217; <a href=\"https:\/\/www.informenti.it\/inf\/benessere\/analisi-psicopedagogica-del-vibe-coding-nellapprendimento-digitale\/\" data-type=\"post\" data-id=\"792\">Analisi psicopedagogica del \u201cVibe Coding\u201d nell\u2019apprendimento digitale<\/a><\/p>\n","protected":false},"excerpt":{"rendered":"<p>Ci sono voluti mesi per scrivere queste pagine, ma la verit\u00e0 \u00e8 che Feel the Vibes nasce da molto prima. Nasce da anni passati a lavorare con ragazze e ragazzi, [&hellip;]<\/p>\n","protected":false},"author":1,"featured_media":859,"comment_status":"closed","ping_status":"closed","sticky":false,"template":"","format":"standard","meta":{"_uag_custom_page_level_css":"","site-sidebar-layout":"default","site-content-layout":"","ast-site-content-layout":"default","site-content-style":"default","site-sidebar-style":"default","ast-global-header-display":"","ast-banner-title-visibility":"","ast-main-header-display":"","ast-hfb-above-header-display":"","ast-hfb-below-header-display":"","ast-hfb-mobile-header-display":"","site-post-title":"","ast-breadcrumbs-content":"","ast-featured-img":"","footer-sml-layout":"","theme-transparent-header-meta":"","adv-header-id-meta":"","stick-header-meta":"","header-above-stick-meta":"","header-main-stick-meta":"","header-below-stick-meta":"","astra-migrate-meta-layouts":"set","ast-page-background-enabled":"default","ast-page-background-meta":{"desktop":{"background-color":"var(--ast-global-color-4)","background-image":"","background-repeat":"repeat","background-position":"center center","background-size":"auto","background-attachment":"scroll","background-type":"","background-media":"","overlay-type":"","overlay-color":"","overlay-opacity":"","overlay-gradient":""},"tablet":{"background-color":"","background-image":"","background-repeat":"repeat","background-position":"center center","background-size":"auto","background-attachment":"scroll","background-type":"","background-media":"","overlay-type":"","overlay-color":"","overlay-opacity":"","overlay-gradient":""},"mobile":{"background-color":"","background-image":"","background-repeat":"repeat","background-position":"center center","background-size":"auto","background-attachment":"scroll","background-type":"","background-media":"","overlay-type":"","overlay-color":"","overlay-opacity":"","overlay-gradient":""}},"ast-content-background-meta":{"desktop":{"background-color":"var(--ast-global-color-5)","background-image":"","background-repeat":"repeat","background-position":"center center","background-size":"auto","background-attachment":"scroll","background-type":"","background-media":"","overlay-type":"","overlay-color":"","overlay-opacity":"","overlay-gradient":""},"tablet":{"background-color":"var(--ast-global-color-5)","background-image":"","background-repeat":"repeat","background-position":"center center","background-size":"auto","background-attachment":"scroll","background-type":"","background-media":"","overlay-type":"","overlay-color":"","overlay-opacity":"","overlay-gradient":""},"mobile":{"background-color":"var(--ast-global-color-5)","background-image":"","background-repeat":"repeat","background-position":"center center","background-size":"auto","background-attachment":"scroll","background-type":"","background-media":"","overlay-type":"","overlay-color":"","overlay-opacity":"","overlay-gradient":""}},"footnotes":""},"categories":[14,31,16,17],"tags":[],"class_list":["post-852","post","type-post","status-publish","format-standard","has-post-thumbnail","hentry","category-potenziamento-cognitivo","category-apc","category-cyberpsicologia","category-eta-dello-sviluppo"],"uagb_featured_image_src":{"full":["https:\/\/www.informenti.it\/inf\/wp-content\/uploads\/2026\/08\/copertina-wide.jpg",475,300,false],"thumbnail":["https:\/\/www.informenti.it\/inf\/wp-content\/uploads\/2026\/08\/copertina-wide-150x150.jpg",150,150,true],"medium":["https:\/\/www.informenti.it\/inf\/wp-content\/uploads\/2026\/08\/copertina-wide-300x189.jpg",300,189,true],"medium_large":["https:\/\/www.informenti.it\/inf\/wp-content\/uploads\/2026\/08\/copertina-wide.jpg",475,300,false],"large":["https:\/\/www.informenti.it\/inf\/wp-content\/uploads\/2026\/08\/copertina-wide.jpg",475,300,false],"1536x1536":["https:\/\/www.informenti.it\/inf\/wp-content\/uploads\/2026\/08\/copertina-wide.jpg",475,300,false],"2048x2048":["https:\/\/www.informenti.it\/inf\/wp-content\/uploads\/2026\/08\/copertina-wide.jpg",475,300,false]},"uagb_author_info":{"display_name":"admin","author_link":"https:\/\/www.informenti.it\/inf\/author\/admin\/"},"uagb_comment_info":0,"uagb_excerpt":"Ci sono voluti mesi per scrivere queste pagine, ma la verit\u00e0 \u00e8 che Feel the Vibes nasce da molto prima. Nasce da anni passati a lavorare con ragazze e ragazzi, [&hellip;]","_links":{"self":[{"href":"https:\/\/www.informenti.it\/inf\/wp-json\/wp\/v2\/posts\/852","targetHints":{"allow":["GET"]}}],"collection":[{"href":"https:\/\/www.informenti.it\/inf\/wp-json\/wp\/v2\/posts"}],"about":[{"href":"https:\/\/www.informenti.it\/inf\/wp-json\/wp\/v2\/types\/post"}],"author":[{"embeddable":true,"href":"https:\/\/www.informenti.it\/inf\/wp-json\/wp\/v2\/users\/1"}],"replies":[{"embeddable":true,"href":"https:\/\/www.informenti.it\/inf\/wp-json\/wp\/v2\/comments?post=852"}],"version-history":[{"count":4,"href":"https:\/\/www.informenti.it\/inf\/wp-json\/wp\/v2\/posts\/852\/revisions"}],"predecessor-version":[{"id":862,"href":"https:\/\/www.informenti.it\/inf\/wp-json\/wp\/v2\/posts\/852\/revisions\/862"}],"wp:featuredmedia":[{"embeddable":true,"href":"https:\/\/www.informenti.it\/inf\/wp-json\/wp\/v2\/media\/859"}],"wp:attachment":[{"href":"https:\/\/www.informenti.it\/inf\/wp-json\/wp\/v2\/media?parent=852"}],"wp:term":[{"taxonomy":"category","embeddable":true,"href":"https:\/\/www.informenti.it\/inf\/wp-json\/wp\/v2\/categories?post=852"},{"taxonomy":"post_tag","embeddable":true,"href":"https:\/\/www.informenti.it\/inf\/wp-json\/wp\/v2\/tags?post=852"}],"curies":[{"name":"wp","href":"https:\/\/api.w.org\/{rel}","templated":true}]}}